{"id":8281,"date":"2026-02-04T11:45:12","date_gmt":"2026-02-04T09:45:12","guid":{"rendered":"https:\/\/ele-mesves-sur-loire-58.ec.ac-dijon.fr\/?p=8281"},"modified":"2026-06-15T18:24:56","modified_gmt":"2026-06-15T16:24:56","slug":"juin-2026","status":"publish","type":"post","link":"http:\/\/ele-mesves-sur-loire-58.ec.ac-dijon.fr\/?p=8281","title":{"rendered":"JUIN 2026"},"content":{"rendered":"<p style=\"text-align: center\"><span style=\"color: #993300;font-size: 18pt\">JUIN 2026<\/span><\/p>\n<p style=\"text-align: center\"><span style=\"font-size: 18pt;color: #ff6600\">LUNDI 01 JUIN<\/span><\/p>\n<p>&nbsp;<\/p>\n<p style=\"text-align: center\"><span style=\"font-size: 18pt;color: #ff0000\">MARDI 02 JUIN<\/span><\/p>\n<p><span style=\"color: #ff0000;font-size: 18pt\">&#8211;&gt; Lecture : compl\u00e9ter le livret v\u00e9lo\u00a0 :\u00a0<a style=\"color: #ff0000\" href=\"https:\/\/vimeo.com\/1083457519\">lien vid\u00e9o histoire du v\u00e9lo<\/a><\/span><\/p>\n<p>&nbsp;<\/p>\n<p style=\"text-align: center\"><span style=\"color: #3366ff;font-size: 18pt\">JEUDI 04 JUIN<\/span><\/p>\n<p><span style=\"color: #3366ff;font-size: 18pt\">&#8211;&gt; Lecture : lire <em>Histoire d&rsquo;une mouette<\/em>&#8230; chapitres\u00a0 4\/5\/6\u00a0 + questions livret p 4\/5\/6\/7<\/span><\/p>\n<p>&nbsp;<\/p>\n<p style=\"text-align: center\"><span style=\"color: #008000;font-size: 18pt\">VENDREDI 05 JUIN<\/span><\/p>\n<p style=\"text-align: left\"><span style=\"color: #008000;font-size: 18pt\">&#8211;&gt; Maths : fiche 31<\/span><\/p>\n<p>&nbsp;<\/p>\n<p style=\"text-align: center\"><span style=\"font-size: 18pt;color: #ff6600\">LUNDI 08 JUIN<\/span><\/p>\n<p><span style=\"color: #ff9900;font-size: 18pt\">&#8211;&gt; Fran\u00e7ais : mots fiche 29 + fiche 29<\/span><\/p>\n<p style=\"text-align: center\"><span style=\"font-size: 18pt;color: #ff0000\">MARDI 09 JUIN<\/span><\/p>\n<p><span style=\"font-size: 18pt;color: #ff0000\">&#8211;&gt; journ\u00e9e p\u00eache\u00a0<\/span><\/p>\n<p>&nbsp;<\/p>\n<p style=\"text-align: center\"><span style=\"color: #3366ff;font-size: 18pt\">JEUDI 11 JUIN<\/span><\/p>\n<p>&nbsp;<\/p>\n<p><span style=\"color: #3366ff;font-size: 18pt\">&#8211;&gt; Lecture : lire <em>Histoire d&rsquo;une mouette<\/em>&#8230; chapitres\u00a0 7\/8\/9\/1\/2\u00a0 + questions livret p 8\/9\/10<\/span><\/p>\n<p>&nbsp;<\/p>\n<p style=\"text-align: center\"><span style=\"color: #008000;font-size: 18pt\">VENDREDI 12 JUIN<\/span><\/p>\n<p><span style=\"font-size: 18pt;color: #008000\">&#8211;&gt; Maths : fiche 32<\/span><\/p>\n<p>&nbsp;<\/p>\n<p style=\"text-align: center\"><span style=\"font-size: 18pt;color: #ff6600\">LUNDI 15 JUIN<\/span><\/p>\n<p>&nbsp;<\/p>\n<p style=\"text-align: center\"><span style=\"font-size: 18pt;color: #ff0000\">MARDI 16 JUIN<\/span><\/p>\n<p><span style=\"font-size: 18pt;color: #ff0000\">&#8211;&gt; Fran\u00e7ais : mots fiche 30\u00a0 + fiche\u00a0 \u00a030<\/span><\/p>\n<p><span style=\"font-size: 18pt;color: #ff0000\">&#8211;&gt; G\u00e9om\u00e9trie : \u00e9valuation (solides)\u00a0<\/span><\/p>\n<p>&nbsp;<\/p>\n<p style=\"text-align: center\"><span style=\"color: #3366ff;font-size: 18pt\">JEUDI 18 JUIN<\/span><\/p>\n<p><span style=\"font-size: 18pt;color: #3366ff\">&#8211;&gt; Maths : fiche 33<\/span><\/p>\n<p><span style=\"color: #3366ff;font-size: 18pt\">&#8211;&gt; Lecture : lire <em>Histoire d&rsquo;une mouette<\/em>&#8230; chapitres\u00a0 3\/4\/5\u00a0 + questions livret p 11\/12<\/span><\/p>\n<p>&nbsp;<\/p>\n<p style=\"text-align: center\"><span style=\"color: #008000;font-size: 18pt\">VENDREDI 19 JUIN<\/span><\/p>\n<p><span style=\"font-size: 18pt;color: #008000\">&#8211;&gt; Journ\u00e9e banalis\u00e9e : f\u00eate des \u00e9coles<\/span><\/p>\n<p>&nbsp;<\/p>\n<p style=\"text-align: center\"><span style=\"font-size: 18pt;color: #ff6600\">LUNDI 22 JUIN<\/span><\/p>\n<p>&nbsp;<\/p>\n<p style=\"text-align: center\"><span style=\"font-size: 18pt;color: #ff0000\">MARDI 23 JUIN<\/span><\/p>\n<p><span style=\"font-size: 18pt;color: #ff0000\">&#8211;&gt; Fran\u00e7ais : mots fiches 31\/ 32\u00a0 + fiches\u00a0 31\/32\u00a0 \u00a0<\/span><\/p>\n<p><span style=\"font-size: 18pt;color: #ff0000\">&#8211;&gt; Dict\u00e9e : dict\u00e9e de mots fiche 29\/30\/31\/32<\/span><\/p>\n<p><span style=\"font-size: 18pt;color: #ff0000\">&#8211;&gt; Histoire : \u00e9valuation HIST 3 (Le temps des rois)\u00a0<\/span><\/p>\n<p><span style=\"font-size: 18pt\">Trame de l\u2019\u00e9valuation en Histoire :\u00a0<\/span><\/p>\n<ul>\n<li><span style=\"font-size: 18pt\">Nom des rois \u00e0 apprendre et \u00e0 connaitre<\/span><\/li>\n<li><span style=\"font-size: 18pt\">Colorier de la m\u00eame couleur le roi et ce qu\u2019il a fait <\/span><\/li>\n<li><span style=\"font-size: 18pt\">Pourquoi l&rsquo;\u00e9glise est importante ? Elle\u00a0 s&rsquo;occupe des&#8230;\u00a0<\/span><\/li>\n<li><span style=\"font-size: 18pt\">Comment le roi peut agrandir son territoire\u00a0? 3 mani\u00e8res<\/span><\/li>\n<li><span style=\"font-size: 18pt\">Quels sont les symboles du roi\u00a0?<\/span><\/li>\n<li><span style=\"font-size: 18pt\">Comment le roi contr\u00f4le son territoire\u00a0? 4 mani\u00e8res<\/span><\/li>\n<\/ul>\n<p>&nbsp;<\/p>\n<p style=\"text-align: center\"><span style=\"color: #3366ff;font-size: 18pt\">JEUDI 25 JUIN<\/span><\/p>\n<p><span style=\"font-size: 18pt;color: #3366ff\">&#8211;&gt; sortie scolaire sur la journ\u00e9e<\/span><\/p>\n<p>&nbsp;<\/p>\n<p style=\"text-align: center\"><span style=\"color: #008000;font-size: 18pt\">VENDREDI 26 JUIN<\/span><\/p>\n<p>&nbsp;<\/p>\n<p><span style=\"font-size: 18pt;color: #008000\">&#8211;&gt; Lecture : lire <em>Histoire d&rsquo;une mouette<\/em>&#8230; chapitres\u00a0 6\/7\/8\/9 + questions p 13\/14\/15<\/span><\/p>\n<p>&nbsp;<\/p>\n<p style=\"text-align: center\"><span style=\"font-size: 18pt;color: #ff6600\">LUNDI 29 JUIN<\/span><\/p>\n<p>&nbsp;<\/p>\n<p style=\"text-align: center\"><span style=\"font-size: 18pt;color: #ff0000\">MARDI 30 JUIN<\/span><\/p>\n<p><span style=\"font-size: 18pt;color: #ff0000\">&#8211;&gt; sortie sur la journ\u00e9e<\/span><\/p>\n<p>&nbsp;<\/p>\n<p style=\"text-align: center\"><span style=\"color: #3366ff;font-size: 18pt\">JEUDI 02 juillet<\/span><\/p>\n<p><span style=\"font-size: 18pt;color: #3366ff\">&#8211;&gt;\u00a0<\/span><\/p>\n<p>&nbsp;<\/p>\n<p style=\"text-align: center\"><span style=\"color: #008000;font-size: 18pt\">VENDREDI 03 juillet<\/span><\/p>\n<p>&nbsp;<\/p>\n<p>&nbsp;<\/p>\n","protected":false},"excerpt":{"rendered":"<p>JUIN 2026 LUNDI 01 JUIN &nbsp; MARDI 02 JUIN &#8211;&gt; Lecture : compl\u00e9ter le livret v\u00e9lo\u00a0 :\u00a0lien vid\u00e9o histoire du v\u00e9lo &nbsp; JEUDI 04 JUIN &#8211;&gt; Lecture : lire Histoire d&rsquo;une mouette&#8230; chapitres\u00a0 4\/5\/6\u00a0 + questions livret p 4\/5\/6\/7 &nbsp; VENDREDI 05 JUIN &#8211;&gt; Maths : fiche 31 &nbsp; LUNDI 08 JUIN &#8211;&gt; Fran\u00e7ais : [&hellip;]<\/p>\n","protected":false},"author":625,"featured_media":0,"comment_status":"closed","ping_status":"closed","sticky":false,"template":"","format":"standard","meta":{"footnotes":""},"categories":[15],"tags":[],"class_list":["post-8281","post","type-post","status-publish","format-standard","hentry","category-devoirs-25-26"],"_links":{"self":[{"href":"http:\/\/ele-mesves-sur-loire-58.ec.ac-dijon.fr\/index.php?rest_route=\/wp\/v2\/posts\/8281","targetHints":{"allow":["GET"]}}],"collection":[{"href":"http:\/\/ele-mesves-sur-loire-58.ec.ac-dijon.fr\/index.php?rest_route=\/wp\/v2\/posts"}],"about":[{"href":"http:\/\/ele-mesves-sur-loire-58.ec.ac-dijon.fr\/index.php?rest_route=\/wp\/v2\/types\/post"}],"author":[{"embeddable":true,"href":"http:\/\/ele-mesves-sur-loire-58.ec.ac-dijon.fr\/index.php?rest_route=\/wp\/v2\/users\/625"}],"replies":[{"embeddable":true,"href":"http:\/\/ele-mesves-sur-loire-58.ec.ac-dijon.fr\/index.php?rest_route=%2Fwp%2Fv2%2Fcomments&post=8281"}],"version-history":[{"count":19,"href":"http:\/\/ele-mesves-sur-loire-58.ec.ac-dijon.fr\/index.php?rest_route=\/wp\/v2\/posts\/8281\/revisions"}],"predecessor-version":[{"id":8474,"href":"http:\/\/ele-mesves-sur-loire-58.ec.ac-dijon.fr\/index.php?rest_route=\/wp\/v2\/posts\/8281\/revisions\/8474"}],"wp:attachment":[{"href":"http:\/\/ele-mesves-sur-loire-58.ec.ac-dijon.fr\/index.php?rest_route=%2Fwp%2Fv2%2Fmedia&parent=8281"}],"wp:term":[{"taxonomy":"category","embeddable":true,"href":"http:\/\/ele-mesves-sur-loire-58.ec.ac-dijon.fr\/index.php?rest_route=%2Fwp%2Fv2%2Fcategories&post=8281"},{"taxonomy":"post_tag","embeddable":true,"href":"http:\/\/ele-mesves-sur-loire-58.ec.ac-dijon.fr\/index.php?rest_route=%2Fwp%2Fv2%2Ftags&post=8281"}],"curies":[{"name":"wp","href":"https:\/\/api.w.org\/{rel}","templated":true}]}}